{"id":1836,"date":"2022-11-17T22:46:48","date_gmt":"2022-11-17T22:46:48","guid":{"rendered":"https:\/\/weltderspaetantike.de\/?p=1836"},"modified":"2022-12-20T22:54:53","modified_gmt":"2022-12-20T22:54:53","slug":"bousfolge-zum-2-jahrestag-martin-von-tours","status":"publish","type":"post","link":"https:\/\/weltderspaetantike.de\/index.php\/2022\/11\/17\/bousfolge-zum-2-jahrestag-martin-von-tours\/","title":{"rendered":"Bonusfolge zum 2. Jahrestag: Martin von Tours"},"content":{"rendered":"\n<p>Mit dieser Folge wollen wir das zweij\u00e4hrige Bestehen unseres Podcasts begehen. Und was g\u00e4be es f\u00fcr ein passenderes Thema zu dieser Jahreszeit als Martin von Tours? Eigentlich wollte ich die Folge zum 11. 11. hochladen, damit es vom Datum her perfekt passt. Aber dann habe ich festgestellt, dass ich doch ein bisschen sp\u00e4t mit dem Schreiben des Manuskripts angefangen habe&#8230; So kann\u2019s gehen. Und deshalb kommt die Folge mit ein paar Tagen Versp\u00e4tung.<\/p>\n\n\n\n<figure class=\"wp-block-audio\"><audio controls src=\"https:\/\/weltderspaetantike.de\/wp-content\/uploads\/2022\/11\/Bonusfolge-Martin-von-Tours-2.mp3\"><\/audio><figcaption class=\"wp-element-caption\">Bonusfolge &#8211; Martin von Tours<\/figcaption><\/figure>\n\n\n\n<p>Wenn euch die Folge gefallen hat, dann lasst doch ein Trinkgeld oder Abo da:<\/p>\n\n\n\n<p><a href=\"https:\/\/ko-fi.com\/weltderspaetantike\">Ko-Fi<\/a><\/p>\n\n\n\n<p><a href=\"https:\/\/www.patreon.com\/user?u=36142910\">Patreon<\/a><\/p>\n\n\n\n<p><\/p>\n\n\n\n<p><strong>Musik:<\/strong><\/p>\n\n\n\n<p> <p><a href=\"https:\/\/www.youtube.com\/c\/RKFMRelaxingKickingFeelGoodMusic\">RKFM<\/a> &#8211; <a href=\"https:\/\/www.youtube.com\/watch?v=dvNe4UtXPvs\">The Great Desert | Epic Arabic Music | Ancient Oriental Music | No Copyright<\/a><\/p><p>World Music Official &#8211; <a href=\"https:\/\/www.youtube.com\/channel\/UC0Cf21ahxlbODHpQkrBtVHw\">https:\/\/www.youtube.com\/channel\/UC0Cf&#8230;<\/a><\/p><\/p>\n\n\n\n<p><strong>Literatur:<\/strong><\/p>\n\n\n\n<p>Judith Rosen: Martin von Tours. Darmstadt 2016.<\/p>\n","protected":false},"excerpt":{"rendered":"<p>Mit dieser Folge wollen wir das zweij\u00e4hrige Bestehen unseres Podcasts begehen. Und was g\u00e4be es f\u00fcr ein passenderes Thema zu dieser Jahreszeit als Martin von Tours? Eigentlich wollte ich die Folge zum 11. 11. hochladen, damit es vom Datum her &hellip; <a href=\"https:\/\/weltderspaetantike.de\/index.php\/2022\/11\/17\/bousfolge-zum-2-jahrestag-martin-von-tours\/\">Weiterlesen <span class=\"meta-nav\">&rarr;<\/span><\/a><\/p>\n","protected":false},"author":1,"featured_media":0,"comment_status":"open","ping_status":"open","sticky":false,"template":"","format":"standard","meta":{"footnotes":""},"categories":[93],"tags":[49,46,33],"_links":{"self":[{"href":"https:\/\/weltderspaetantike.de\/index.php\/wp-json\/wp\/v2\/posts\/1836"}],"collection":[{"href":"https:\/\/weltderspaetantike.de\/index.php\/wp-json\/wp\/v2\/posts"}],"about":[{"href":"https:\/\/weltderspaetantike.de\/index.php\/wp-json\/wp\/v2\/types\/post"}],"author":[{"embeddable":true,"href":"https:\/\/weltderspaetantike.de\/index.php\/wp-json\/wp\/v2\/users\/1"}],"replies":[{"embeddable":true,"href":"https:\/\/weltderspaetantike.de\/index.php\/wp-json\/wp\/v2\/comments?post=1836"}],"version-history":[{"count":5,"href":"https:\/\/weltderspaetantike.de\/index.php\/wp-json\/wp\/v2\/posts\/1836\/revisions"}],"predecessor-version":[{"id":1900,"href":"https:\/\/weltderspaetantike.de\/index.php\/wp-json\/wp\/v2\/posts\/1836\/revisions\/1900"}],"wp:attachment":[{"href":"https:\/\/weltderspaetantike.de\/index.php\/wp-json\/wp\/v2\/media?parent=1836"}],"wp:term":[{"taxonomy":"category","embeddable":true,"href":"https:\/\/weltderspaetantike.de\/index.php\/wp-json\/wp\/v2\/categories?post=1836"},{"taxonomy":"post_tag","embeddable":true,"href":"https:\/\/weltderspaetantike.de\/index.php\/wp-json\/wp\/v2\/tags?post=1836"}],"curies":[{"name":"wp","href":"https:\/\/api.w.org\/{rel}","templated":true}]}}