{"id":2577,"date":"2025-03-02T02:22:04","date_gmt":"2025-03-02T02:22:04","guid":{"rendered":"https:\/\/weltderspaetantike.de\/?p=2577"},"modified":"2025-03-02T02:22:04","modified_gmt":"2025-03-02T02:22:04","slug":"der-manichaeismus-folge-5-ethik-rituale-und-kultstaetten","status":"publish","type":"post","link":"https:\/\/weltderspaetantike.de\/index.php\/2025\/03\/02\/der-manichaeismus-folge-5-ethik-rituale-und-kultstaetten\/","title":{"rendered":"Der Manich\u00e4ismus &#8211; Folge 5 &#8211; Ethik, Rituale und Kultst\u00e4tten"},"content":{"rendered":"\n<p>Letzte Folge haben wir uns den Aufbau der manich\u00e4ischen Gemeinde angeschaut. Dabei sind wir auch darauf eingegangen, wie die Kosmologie beziehungsweise die manich\u00e4ische Theologie f\u00fcr eine Aufgabenteilung innerhalb der Gemeinde gesorgt hat. Heute werden wir uns genauer mit dem Menschenbild der Manich\u00e4er besch\u00e4ftigen und uns ansehen, welche ethische Vorstellungen die Manich\u00e4er hatten. Dann schauen wir uns einige religi\u00f6se Praktiken und Feste an und schlie\u00dfen die Folge mit manich\u00e4ischen Kultst\u00e4tten.<\/p>\n\n\n\n<figure class=\"wp-block-audio\"><audio controls src=\"https:\/\/weltderspaetantike.de\/wp-content\/uploads\/2025\/03\/Der-Manichaeismus-Folge-5-Ethik-Rituale-und-Kultstaetten.mp3\"><\/audio><\/figure>\n\n\n\n<p>Wenn euch diese Folge gefallen hat, lasst doch ein Trinkgeld auf Ko-Fi oder Patreon da:<\/p>\n\n\n\n<p><a href=\"https:\/\/ko-fi.com\/weltderspaetantike\">Ko-Fi<\/a><\/p>\n\n\n\n<p><a href=\"https:\/\/www.patreon.com\/user?u=36142910\">Patreon<\/a><\/p>\n\n\n\n<figure class=\"wp-block-image size-full\"><img loading=\"lazy\" decoding=\"async\" width=\"395\" height=\"599\" src=\"https:\/\/weltderspaetantike.de\/wp-content\/uploads\/2025\/02\/395px-Leaf_from_a_Manichaean_Book_MIK_III_8259_folio_1.jpg\" alt=\"\" class=\"wp-image-2560\" srcset=\"https:\/\/weltderspaetantike.de\/wp-content\/uploads\/2025\/02\/395px-Leaf_from_a_Manichaean_Book_MIK_III_8259_folio_1.jpg 395w, https:\/\/weltderspaetantike.de\/wp-content\/uploads\/2025\/02\/395px-Leaf_from_a_Manichaean_Book_MIK_III_8259_folio_1-198x300.jpg 198w\" sizes=\"(max-width: 395px) 100vw, 395px\" \/><figcaption class=\"wp-element-caption\">Blatt aus einem manich\u00e4ischem Buch aus dem 10. Jh., das eine manich\u00e4ische Predigt darstellt (Quelle: <a href=\"https:\/\/www.persee.fr\/doc\/arasi_0004-3958_2003_num_58_1_1497\">The Dates and Styles of Uygur Manichaean Art. A New Radiocarbon Date and its Implication for the Study of East Central Asian Art, S. 10<\/a>) CC 0<\/figcaption><\/figure>\n\n\n\n<figure class=\"wp-block-image size-full\"><img loading=\"lazy\" decoding=\"async\" width=\"800\" height=\"534\" src=\"https:\/\/weltderspaetantike.de\/wp-content\/uploads\/2025\/02\/800px-Manichaean_Bema_Scene.jpg\" alt=\"\" class=\"wp-image-2561\" srcset=\"https:\/\/weltderspaetantike.de\/wp-content\/uploads\/2025\/02\/800px-Manichaean_Bema_Scene.jpg 800w, https:\/\/weltderspaetantike.de\/wp-content\/uploads\/2025\/02\/800px-Manichaean_Bema_Scene-300x200.jpg 300w, https:\/\/weltderspaetantike.de\/wp-content\/uploads\/2025\/02\/800px-Manichaean_Bema_Scene-768x513.jpg 768w, https:\/\/weltderspaetantike.de\/wp-content\/uploads\/2025\/02\/800px-Manichaean_Bema_Scene-449x300.jpg 449w\" sizes=\"(max-width: 800px) 100vw, 800px\" \/><figcaption class=\"wp-element-caption\">Das Bild zeigt das manich\u00e4ische Bema-Fest. Das Bild ist dem <a href=\"https:\/\/en.wikipedia.org\/wiki\/Leaf_from_a_Manichaean_book_MIK_III_4979\">Manuskript MIK III 4979<\/a> entnommen. Zur <a href=\"https:\/\/en.wikipedia.org\/wiki\/File:Manichaean_Bema_Scene.jpg\">Bilddatei<\/a>   CC 0<\/figcaption><\/figure>\n\n\n\n<p><strong>Musik:<\/strong><\/p>\n\n\n\n<p><a href=\"https:\/\/www.youtube.com\/watch?v=72kJOH47Ezc\">J.R.S. Schattenberg \u2013 The Farthest Realm<\/a> (CC BY SA 4.0)<\/p>\n\n\n\n<p><strong>Literatur:<\/strong><\/p>\n\n\n\n<p>Manfred Hutter: Der Manich\u00e4ismus. Vom Iran in den Mittelmeerraum und \u00fcber die Seidenstra\u00dfe nach S\u00fcdchina. Stuttgart 2023<\/p>\n\n\n\n<p>Samuel N. C. Lieu: Manichaeism in Central Asia and China. Leiden 1998.<\/p>\n\n\n\n<p>Samuel N. C. Lieu: Manichaeism in the Later Roman Empire and medieval China. T\u00fcbingen 1992.<\/p>\n\n\n\n<p>Iain Gardener und Samuel N. C. Lieu (Hrsgg.): Manichaean Texts from the Roman Empire, Cambridge 2004.<\/p>\n\n\n\n<p>Christoph Markschies: Manich\u00e4ismus an der Seidenstra\u00dfe. Oder: Kreative Prozesse der mittelalterlichen Neukonfigurierungen einer sp\u00e4tantiken Religion, in: Volker Leppin: Schaffen und Nachahmen. Kreative Prozesse im Mittelalter. De Gruyter 2021, S. 303-322.<\/p>\n\n\n\n<p>Manfred Hutter: Manichaeism in Iran, S. 477-490, in: Michael Strausberg und Yuhan Sohrab-Dinshav Vevaina und Anna Tessman (Hrsg.): The Wiley Blackwell Companion to Zoroastrianism. Wiley Blackwell 2015.<\/p>\n\n\n\n<p>Christoph Markschies: Mani \u2013 seine Lehrer und seine Sch\u00fcler, in: Almut-Barbara Renger (Hg.): Meister und Sch\u00fcler in Geschichte und Gegenwart. Von Religionen der Antike bis zur modernen Esoterik, V&amp; R unipress 2012, S.147-159<\/p>\n\n\n\n<p>Claudia Weber: Wie sinnvoll ist die religionswissenschaftliche Kategorie des Synkretismus? \u2013 Bausteine zu einer Bewertung des Manich\u00e4ismus als synkretistische Religion, in: Zekine \u00d6zertural und G\u00f6khan \u015eilfeler (Hgs.): Der \u00f6stliche Manich\u00e4ismus im Spiegel seiner Buch- und Schriftkultur. De Gruyter 2018, S. 7-16.<\/p>\n\n\n\n<p>Nahal Tajadod: The Role of Iranians in the Spread of Buddhism, Manichaeism and Mazdaism in China, in: Diogenes 50, Heft 4 (2003), S. 61-68.<\/p>\n\n\n\n<p>J. Kevon Coyle: Foreign and insane: Labelling Manichaeism in the Roman Empire, in: Studien in Religion 33, Heft 2 (2004), S. 217-234.<\/p>\n\n\n\n<p>David Scott: Manichaeism in Bactria. Political Patterns &amp; East-West Paradigms, in: Journal of Asian History, 41, Heft 2 (2007), S. 107-130.<\/p>\n\n\n\n<p>David Scoll: Buddhist Responses to Manichaeism. Mah\u0101y\u0101na Reaffirmation of the &#8222;Middle Path&#8220;?, in: History of Religions, 35, Heft 2 (1995), S. 148-162.<\/p>\n","protected":false},"excerpt":{"rendered":"<p>Letzte Folge haben wir uns den Aufbau der manich\u00e4ischen Gemeinde angeschaut. Dabei sind wir auch darauf eingegangen, wie die Kosmologie beziehungsweise die manich\u00e4ische Theologie f\u00fcr eine Aufgabenteilung innerhalb der Gemeinde gesorgt hat. Heute werden wir uns genauer mit dem Menschenbild &hellip; <a href=\"https:\/\/weltderspaetantike.de\/index.php\/2025\/03\/02\/der-manichaeismus-folge-5-ethik-rituale-und-kultstaetten\/\">Weiterlesen <span class=\"meta-nav\">&rarr;<\/span><\/a><\/p>\n","protected":false},"author":1,"featured_media":0,"comment_status":"open","ping_status":"open","sticky":false,"template":"","format":"standard","meta":{"footnotes":""},"categories":[114],"tags":[110,38],"_links":{"self":[{"href":"https:\/\/weltderspaetantike.de\/index.php\/wp-json\/wp\/v2\/posts\/2577"}],"collection":[{"href":"https:\/\/weltderspaetantike.de\/index.php\/wp-json\/wp\/v2\/posts"}],"about":[{"href":"https:\/\/weltderspaetantike.de\/index.php\/wp-json\/wp\/v2\/types\/post"}],"author":[{"embeddable":true,"href":"https:\/\/weltderspaetantike.de\/index.php\/wp-json\/wp\/v2\/users\/1"}],"replies":[{"embeddable":true,"href":"https:\/\/weltderspaetantike.de\/index.php\/wp-json\/wp\/v2\/comments?post=2577"}],"version-history":[{"count":3,"href":"https:\/\/weltderspaetantike.de\/index.php\/wp-json\/wp\/v2\/posts\/2577\/revisions"}],"predecessor-version":[{"id":2619,"href":"https:\/\/weltderspaetantike.de\/index.php\/wp-json\/wp\/v2\/posts\/2577\/revisions\/2619"}],"wp:attachment":[{"href":"https:\/\/weltderspaetantike.de\/index.php\/wp-json\/wp\/v2\/media?parent=2577"}],"wp:term":[{"taxonomy":"category","embeddable":true,"href":"https:\/\/weltderspaetantike.de\/index.php\/wp-json\/wp\/v2\/categories?post=2577"},{"taxonomy":"post_tag","embeddable":true,"href":"https:\/\/weltderspaetantike.de\/index.php\/wp-json\/wp\/v2\/tags?post=2577"}],"curies":[{"name":"wp","href":"https:\/\/api.w.org\/{rel}","templated":true}]}}