{"id":790,"date":"2021-04-16T10:00:00","date_gmt":"2021-04-16T10:00:00","guid":{"rendered":"https:\/\/weltderspaetantike.de\/?p=790"},"modified":"2021-04-04T00:07:11","modified_gmt":"2021-04-04T00:07:11","slug":"die-goten-folge-8-das-ende-der-ostgoten","status":"publish","type":"post","link":"https:\/\/weltderspaetantike.de\/index.php\/2021\/04\/16\/die-goten-folge-8-das-ende-der-ostgoten\/","title":{"rendered":"Die Goten &#8211; Folge 8 &#8211; Das Ende der Ostgoten"},"content":{"rendered":"\n<p>Theoderich ist tot und die Ostgoten sollten ihm bald folgen.<\/p>\n\n\n\n<p>Willkommen zum Ende der Ostgoten. Heute besch\u00e4ftigen wir uns mit auswanderungswilligen K\u00f6nigen und einen langen verheerenden Krieg in Italien.<\/p>\n\n\n\n<figure class=\"wp-block-audio\"><audio controls src=\"https:\/\/weltderspaetantike.de\/wp-content\/uploads\/2021\/04\/Die-Goten-Folge-8-Das-Ende-der-Ostgoten.mp3\"><\/audio><figcaption>Die Goten &#8211; Folge 8 &#8211; Das Ende der Ostgoten<\/figcaption><\/figure>\n\n\n\n<p>Wenn euch diese Folge gefallen hat, lasst doch ein Trinkgeld auf Ko-Fi oder Patreon da:<\/p>\n\n\n\n<p><a href=\"https:\/\/ko-fi.com\/weltderspaetantike\">Ko-Fi<\/a><\/p>\n\n\n\n<p><a href=\"https:\/\/www.patreon.com\/user?u=36142910\">Patreon<\/a><\/p>\n\n\n\n<figure class=\"wp-block-image size-large\"><img loading=\"lazy\" decoding=\"async\" width=\"800\" height=\"505\" src=\"https:\/\/weltderspaetantike.de\/wp-content\/uploads\/2021\/04\/800px-Gothic_War_-_First_Phase_535-540-CC-BA-SA-Cplakidas.png\" alt=\"\" class=\"wp-image-793\" srcset=\"https:\/\/weltderspaetantike.de\/wp-content\/uploads\/2021\/04\/800px-Gothic_War_-_First_Phase_535-540-CC-BA-SA-Cplakidas.png 800w, https:\/\/weltderspaetantike.de\/wp-content\/uploads\/2021\/04\/800px-Gothic_War_-_First_Phase_535-540-CC-BA-SA-Cplakidas-300x189.png 300w, https:\/\/weltderspaetantike.de\/wp-content\/uploads\/2021\/04\/800px-Gothic_War_-_First_Phase_535-540-CC-BA-SA-Cplakidas-768x485.png 768w, https:\/\/weltderspaetantike.de\/wp-content\/uploads\/2021\/04\/800px-Gothic_War_-_First_Phase_535-540-CC-BA-SA-Cplakidas-475x300.png 475w\" sizes=\"(max-width: 800px) 100vw, 800px\" \/><figcaption>Die erste Phase des Gotenkrieges    <a href=\"https:\/\/creativecommons.org\/licenses\/by-sa\/3.0\/deed.de\">CC BY SA<\/a><a href=\"https:\/\/de.wikipedia.org\/wiki\/Datei:Gothic_War_-_First_Phase,_535-540.svg\"> Cplakidas<\/a><\/figcaption><\/figure>\n\n\n\n<figure class=\"wp-block-image size-large\"><img loading=\"lazy\" decoding=\"async\" width=\"936\" height=\"1024\" src=\"https:\/\/weltderspaetantike.de\/wp-content\/uploads\/2021\/04\/20180518160235Erster_und_Zweiter_Gotenkrieg-NordNordWest-CC-BY-SA-936x1024.png\" alt=\"\" class=\"wp-image-791\" srcset=\"https:\/\/weltderspaetantike.de\/wp-content\/uploads\/2021\/04\/20180518160235Erster_und_Zweiter_Gotenkrieg-NordNordWest-CC-BY-SA-936x1024.png 936w, https:\/\/weltderspaetantike.de\/wp-content\/uploads\/2021\/04\/20180518160235Erster_und_Zweiter_Gotenkrieg-NordNordWest-CC-BY-SA-274x300.png 274w, https:\/\/weltderspaetantike.de\/wp-content\/uploads\/2021\/04\/20180518160235Erster_und_Zweiter_Gotenkrieg-NordNordWest-CC-BY-SA-768x841.png 768w, https:\/\/weltderspaetantike.de\/wp-content\/uploads\/2021\/04\/20180518160235Erster_und_Zweiter_Gotenkrieg-NordNordWest-CC-BY-SA.png 1133w\" sizes=\"(max-width: 936px) 100vw, 936px\" \/><figcaption>Die Feldz\u00fcge des Gotenkrieges     <a href=\"https:\/\/creativecommons.org\/licenses\/by-sa\/3.0\/deed.de\">CC  BY SA<\/a> <a href=\"https:\/\/de.wikipedia.org\/wiki\/Datei:Erster_und_Zweiter_Gotenkrieg.png\">NordNordWest<\/a><\/figcaption><\/figure>\n\n\n\n<p>Falls euch die Bilder nicht angezeigt werden, <a href=\"https:\/\/weltderspaetantike.de\/?p=790\">hier<\/a> k\u00f6nnt ihr sie sehen.<\/p>\n\n\n\n<p><strong>Musik:<\/strong><\/p>\n\n\n\n<p><a href=\"https:\/\/freemusicarchive.org\/music\/Ask%20Again\/Castles__Jesters__Modern_Renaissance_Music\/Guardians\">Mid-Air Machine &#8211; Guardians<\/a>   (CC BY SA)<\/p>\n\n\n\n<p><strong>Literatur<\/strong><\/p>\n\n\n\n<p><a href=\"https:\/\/www.chbeck.de\/wolfram-goten\/product\/15838\">Herwig Wolfram: Die Goten. Von den Anf\u00e4ngen bis zur Mitte des sechsten Jahrhunderts. Entwurf einer historischen Ethnographie. M\u00fcnchen 1990, dritte \u00fcberarbeitete Auflage.<\/a><\/p>\n\n\n\n<p><a href=\"https:\/\/www.wbg-wissenverbindet.de\/shop\/31290\/theoderich-der-grosse\">Frank M. Ausb\u00fcttel: Theoderich der Gro\u00dfe. Darmstadt 2012<\/a>. Zur <a href=\"https:\/\/www.hsozkult.de\/publicationreview\/id\/reb-4626\">Rezension<\/a>.<\/p>\n\n\n\n<p><a href=\"https:\/\/digi20.digitale-sammlungen.de\/de\/fs1\/object\/display\/bsb00078159_00001.html\">Gerd Kampers: Geschichte der Westgoten. Paderborn 2008<\/a>. Zur <a href=\"https:\/\/www.hsozkult.de\/publicationreview\/id\/reb-12032\">Rezension<\/a>.<\/p>\n","protected":false},"excerpt":{"rendered":"<p>Theoderich ist tot und die Ostgoten sollten ihm bald folgen. Willkommen zum Ende der Ostgoten. Heute besch\u00e4ftigen wir uns mit auswanderungswilligen K\u00f6nigen und einen langen verheerenden Krieg in Italien. Wenn euch diese Folge gefallen hat, lasst doch ein Trinkgeld auf &hellip; <a href=\"https:\/\/weltderspaetantike.de\/index.php\/2021\/04\/16\/die-goten-folge-8-das-ende-der-ostgoten\/\">Weiterlesen <span class=\"meta-nav\">&rarr;<\/span><\/a><\/p>\n","protected":false},"author":1,"featured_media":0,"comment_status":"open","ping_status":"open","sticky":false,"template":"","format":"standard","meta":{"footnotes":""},"categories":[37],"tags":[16,43],"_links":{"self":[{"href":"https:\/\/weltderspaetantike.de\/index.php\/wp-json\/wp\/v2\/posts\/790"}],"collection":[{"href":"https:\/\/weltderspaetantike.de\/index.php\/wp-json\/wp\/v2\/posts"}],"about":[{"href":"https:\/\/weltderspaetantike.de\/index.php\/wp-json\/wp\/v2\/types\/post"}],"author":[{"embeddable":true,"href":"https:\/\/weltderspaetantike.de\/index.php\/wp-json\/wp\/v2\/users\/1"}],"replies":[{"embeddable":true,"href":"https:\/\/weltderspaetantike.de\/index.php\/wp-json\/wp\/v2\/comments?post=790"}],"version-history":[{"count":2,"href":"https:\/\/weltderspaetantike.de\/index.php\/wp-json\/wp\/v2\/posts\/790\/revisions"}],"predecessor-version":[{"id":796,"href":"https:\/\/weltderspaetantike.de\/index.php\/wp-json\/wp\/v2\/posts\/790\/revisions\/796"}],"wp:attachment":[{"href":"https:\/\/weltderspaetantike.de\/index.php\/wp-json\/wp\/v2\/media?parent=790"}],"wp:term":[{"taxonomy":"category","embeddable":true,"href":"https:\/\/weltderspaetantike.de\/index.php\/wp-json\/wp\/v2\/categories?post=790"},{"taxonomy":"post_tag","embeddable":true,"href":"https:\/\/weltderspaetantike.de\/index.php\/wp-json\/wp\/v2\/tags?post=790"}],"curies":[{"name":"wp","href":"https:\/\/api.w.org\/{rel}","templated":true}]}}